{"id":1209,"date":"2020-06-08T14:54:58","date_gmt":"2020-06-08T13:54:58","guid":{"rendered":"https:\/\/www.donaruce.cz\/?p=1209"},"modified":"2020-06-08T15:00:25","modified_gmt":"2020-06-08T14:00:25","slug":"aktualni-informace","status":"publish","type":"post","link":"https:\/\/www.donaruce.cz\/?p=1209","title":{"rendered":"Aktu\u00e1ln\u00ed informace"},"content":{"rendered":"<p>V\u00e1\u017een\u00ed klienti,<\/p>\n<p>v\u011b\u0159\u00edme, \u017ee nejhor\u0161\u00ed je za n\u00e1mi a \u017ee jsme celou n\u00e1ro\u010dnou situaci zvl\u00e1dli. <\/p>\n<p>V souvislosti s ochranou p\u0159ed onemocn\u011bn\u00edm zp\u016fsoben\u00e9 virem Covid-19 V\u00e1m oznamujeme, \u017ee za dodr\u017eov\u00e1n\u00ed v\u0161ech hygienick\u00fdch opat\u0159en\u00ed, za\u010d\u00edn\u00e1me <b>od 8.6.2020 op\u011bt osobn\u011b  poskytovat na\u0161e slu\u017eby a aktivity na v\u0161ech na\u0161ich pracovi\u0161t\u00edch<\/b>.<!--more--><br \/>\n&nbsp;<\/p>\n<p><h3>Informace pro p\u011bstouny:<\/h3>\n<\/p>\n<ul>\n<li>v p\u0159\u00edpad\u011b, \u017ee, budete m\u00edt <b>obavu z osobn\u00ed n\u00e1v\u0161t\u011bvy<\/b> na\u0161eho pracovn\u00edka ve va\u0161\u00ed dom\u00e1cnosti, budeme to respektovat. Opr\u00e1vn\u011bnou obavu m\u016f\u017eete m\u00edt, pokud pat\u0159\u00edte do rizikov\u00e9 skupiny Vy sami, V\u00e1m sv\u011b\u0159en\u00e9 d\u00edt\u011b nebo osoby bydl\u00edc\u00ed s V\u00e1mi ve spole\u010dn\u00e9 dom\u00e1cnosti. V tomto p\u0159\u00edpad\u011b m\u016f\u017eeme konzultace i nad\u00e1le realizovat telefonicky nebo osobn\u011b mimo va\u0161e bydli\u0161t\u011b, nap\u0159. v zahrad\u011b, parku, na proch\u00e1zce apod., za dodr\u017eov\u00e1n\u00ed v\u0161ech hygienick\u00fdch opat\u0159en\u00ed.<\/li>\n<li>pokud pat\u0159\u00edte do rizikov\u00e9 skupiny a nebudete se cht\u00edt osobn\u011b \u00fa\u010dastnit <b>vzd\u011bl\u00e1vac\u00edch akc\u00ed<\/b>, budeme to za sou\u010dasn\u00e9 situace respektovat a bude mo\u017eno se dohodnout na individu\u00e1ln\u00ed form\u011b vzd\u011bl\u00e1v\u00e1n\u00ed. Vzd\u011bl\u00e1vac\u00ed akce, kter\u00e9 se neuskute\u010dnily v pl\u00e1novan\u00fdch term\u00ednech, jsme nahradili nov\u00fdmi term\u00edny a p\u011bstouni, kte\u0159\u00ed byli na tyto vzd\u011bl\u00e1vac\u00ed akce p\u0159ihl\u00e1\u0161eni, budou o n\u00e1hradn\u00edch term\u00ednech informov\u00e1ni. V p\u0159\u00edpad\u011b voln\u00e9 kapacity budeme informovat i dal\u0161\u00ed potenci\u00e1ln\u00ed z\u00e1jemce.<\/li>\n<\/ul>\n<p style=\"text-align: right\">Na op\u011btovn\u00e9 setk\u00e1n\u00ed s V\u00e1mi se t\u011b\u0161\u00ed kolektiv Do n\u00e1ru\u010de, z.s.<\/p>\n","protected":false},"excerpt":{"rendered":"<p class=\"excerpt\">V\u00e1\u017een\u00ed klienti, v\u011b\u0159\u00edme, \u017ee nejhor\u0161\u00ed je za n\u00e1mi a \u017ee jsme celou n\u00e1ro\u010dnou situaci zvl\u00e1dli. V souvislosti s ochranou p\u0159ed onemocn\u011bn\u00edm zp\u016fsoben\u00e9 virem Covid-19 V\u00e1m oznamujeme, \u017ee za dodr\u017eov\u00e1n\u00ed v\u0161ech hygienick\u00fdch opat\u0159en\u00ed, za\u010d\u00edn\u00e1me od 8.6.2020 op\u011bt osobn\u011b poskytovat na\u0161e slu\u017eby a aktivity na v\u0161ech na\u0161ich pracovi\u0161t\u00edch. <a href=\"https:\/\/www.donaruce.cz\/?p=1209\">Read more &rarr;<\/a><\/p>\n","protected":false},"author":1,"featured_media":0,"comment_status":"open","ping_status":"open","sticky":false,"template":"","format":"standard","meta":{"_monsterinsights_skip_tracking":false,"_monsterinsights_sitenote_active":false,"_monsterinsights_sitenote_note":"","_monsterinsights_sitenote_category":0,"footnotes":""},"categories":[8],"tags":[],"class_list":["post-1209","post","type-post","status-publish","format-standard","hentry","category-ostatni","xfolkentry"],"_links":{"self":[{"href":"https:\/\/www.donaruce.cz\/index.php?rest_route=\/wp\/v2\/posts\/1209","targetHints":{"allow":["GET"]}}],"collection":[{"href":"https:\/\/www.donaruce.cz\/index.php?rest_route=\/wp\/v2\/posts"}],"about":[{"href":"https:\/\/www.donaruce.cz\/index.php?rest_route=\/wp\/v2\/types\/post"}],"author":[{"embeddable":true,"href":"https:\/\/www.donaruce.cz\/index.php?rest_route=\/wp\/v2\/users\/1"}],"replies":[{"embeddable":true,"href":"https:\/\/www.donaruce.cz\/index.php?rest_route=%2Fwp%2Fv2%2Fcomments&post=1209"}],"version-history":[{"count":10,"href":"https:\/\/www.donaruce.cz\/index.php?rest_route=\/wp\/v2\/posts\/1209\/revisions"}],"predecessor-version":[{"id":1219,"href":"https:\/\/www.donaruce.cz\/index.php?rest_route=\/wp\/v2\/posts\/1209\/revisions\/1219"}],"wp:attachment":[{"href":"https:\/\/www.donaruce.cz\/index.php?rest_route=%2Fwp%2Fv2%2Fmedia&parent=1209"}],"wp:term":[{"taxonomy":"category","embeddable":true,"href":"https:\/\/www.donaruce.cz\/index.php?rest_route=%2Fwp%2Fv2%2Fcategories&post=1209"},{"taxonomy":"post_tag","embeddable":true,"href":"https:\/\/www.donaruce.cz\/index.php?rest_route=%2Fwp%2Fv2%2Ftags&post=1209"}],"curies":[{"name":"wp","href":"https:\/\/api.w.org\/{rel}","templated":true}]}}