{"id":1233,"date":"2019-03-29T17:56:21","date_gmt":"2019-03-29T16:56:21","guid":{"rendered":"https:\/\/www.donaruce.cz\/?p=1233"},"modified":"2020-06-12T21:44:16","modified_gmt":"2020-06-12T20:44:16","slug":"jarni-prazdniny-opavsko-2019","status":"publish","type":"post","link":"https:\/\/www.donaruce.cz\/?p=1233","title":{"rendered":"Jarn\u00ed pr\u00e1zdniny Opavsko 2019"},"content":{"rendered":"<p><a href=\"https:\/\/www.donaruce.cz\/wp-content\/uploads\/Jarni-prazdniny-opava-2019-2.jpg\" data-rel=\"lightbox-gallery-mRaTxnJ2\" data-rl_title=\"Jarn\u00ed pr\u00e1zdniny Opavsko 2019 2\" data-rl_caption=\"\" title=\"Jarn\u00ed pr\u00e1zdniny Opavsko 2019 2\"><img decoding=\"async\" class=\"alignleft size-full wp-image-54\" title=\"Jarn\u00ed pr\u00e1zdniny Opavsko 1\" src=\"https:\/\/www.donaruce.cz\/wp-content\/uploads\/Jarni-prazdniny-opava-2019-2.jpg\" alt=\"Jarn\u00ed pr\u00e1zdniny Opavsko 1\" width=\"220\" height=\"\" \/><\/a><a href=\"https:\/\/www.donaruce.cz\/wp-content\/uploads\/Jarni-prazdniny-opava-2019-1.jpg\" data-rel=\"lightbox-gallery-mRaTxnJ2\" data-rl_title=\"Jarn\u00ed pr\u00e1zdniny Opavsko 2019 1\" data-rl_caption=\"\" title=\"Jarn\u00ed pr\u00e1zdniny Opavsko 2019 1\"><img decoding=\"async\" class=\"alignright size-full wp-image-54\" title=\"Jarn\u00ed pr\u00e1zdniny Opavsko 2\" src=\"https:\/\/www.donaruce.cz\/wp-content\/uploads\/Jarni-prazdniny-opava-2019-1.jpg\" alt=\"Jarn\u00ed pr\u00e1zdniny Opavsko 2\" width=\"200\" height=\"\" \/><\/a>V b\u0159eznu 2019 jsme v r\u00e1mci jarn\u00edch pr\u00e1zdnin pro d\u011bti z okresu Opava uspo\u0159\u00e1dali 3 jednodenn\u00ed v\u00fdlety.<!--more--> Jeden byl do <b>Planet\u00e1ria<\/b> v Ostrav\u011b, druh\u00fd m\u011bl v n\u00e1plni dopoledne pln\u00e9 <b>deskov\u00fdch her<\/b> a posl\u00e9ze <b>bowling<\/b> a t\u0159et\u00ed do <b>Muzea Landek<\/b> <br \/>v Ostrav\u011b, kde jsme s d\u011btmi zf\u00e1rali do dolu a prohl\u00e9dli si historii hornictv\u00ed na Ostravsku. Celkem se zapojilo 55 d\u011bt\u00ed.<\/p>\n","protected":false},"excerpt":{"rendered":"<p class=\"excerpt\">V b\u0159eznu 2019 jsme v r\u00e1mci jarn\u00edch pr\u00e1zdnin pro d\u011bti z okresu Opava uspo\u0159\u00e1dali 3 jednodenn\u00ed v\u00fdlety. <a href=\"https:\/\/www.donaruce.cz\/?p=1233\">Read more &rarr;<\/a><\/p>\n","protected":false},"author":1,"featured_media":0,"comment_status":"open","ping_status":"open","sticky":false,"template":"","format":"standard","meta":{"_monsterinsights_skip_tracking":false,"_monsterinsights_sitenote_active":false,"_monsterinsights_sitenote_note":"","_monsterinsights_sitenote_category":0,"footnotes":""},"categories":[7],"tags":[12,10],"class_list":["post-1233","post","type-post","status-publish","format-standard","hentry","category-vylety","tag-jarni-prazdniny","tag-jednodenni-vylety","xfolkentry"],"_links":{"self":[{"href":"https:\/\/www.donaruce.cz\/index.php?rest_route=\/wp\/v2\/posts\/1233","targetHints":{"allow":["GET"]}}],"collection":[{"href":"https:\/\/www.donaruce.cz\/index.php?rest_route=\/wp\/v2\/posts"}],"about":[{"href":"https:\/\/www.donaruce.cz\/index.php?rest_route=\/wp\/v2\/types\/post"}],"author":[{"embeddable":true,"href":"https:\/\/www.donaruce.cz\/index.php?rest_route=\/wp\/v2\/users\/1"}],"replies":[{"embeddable":true,"href":"https:\/\/www.donaruce.cz\/index.php?rest_route=%2Fwp%2Fv2%2Fcomments&post=1233"}],"version-history":[{"count":22,"href":"https:\/\/www.donaruce.cz\/index.php?rest_route=\/wp\/v2\/posts\/1233\/revisions"}],"predecessor-version":[{"id":1297,"href":"https:\/\/www.donaruce.cz\/index.php?rest_route=\/wp\/v2\/posts\/1233\/revisions\/1297"}],"wp:attachment":[{"href":"https:\/\/www.donaruce.cz\/index.php?rest_route=%2Fwp%2Fv2%2Fmedia&parent=1233"}],"wp:term":[{"taxonomy":"category","embeddable":true,"href":"https:\/\/www.donaruce.cz\/index.php?rest_route=%2Fwp%2Fv2%2Fcategories&post=1233"},{"taxonomy":"post_tag","embeddable":true,"href":"https:\/\/www.donaruce.cz\/index.php?rest_route=%2Fwp%2Fv2%2Ftags&post=1233"}],"curies":[{"name":"wp","href":"https:\/\/api.w.org\/{rel}","templated":true}]}}