{"id":1523,"date":"2022-11-08T15:48:11","date_gmt":"2022-11-08T14:48:11","guid":{"rendered":"https:\/\/www.donaruce.cz\/?p=1523"},"modified":"2022-11-08T15:48:50","modified_gmt":"2022-11-08T14:48:50","slug":"dny-rodin-2022-na-sovinci","status":"publish","type":"post","link":"https:\/\/www.donaruce.cz\/?p=1523","title":{"rendered":"Dny rodin 2022 na Sovinci"},"content":{"rendered":"<p>V m\u011bs\u00edci z\u00e1\u0159\u00ed se na\u0161e organizace z\u00fa\u010dastnila akce <b>Dny rodin 2022 na hrad\u011b Sovinec<\/b>, kterou po\u0159\u00e1dalo <b><a href=\"https:\/\/www.cepp.cz\/\" target=\"_blank\">Centrum psychologick\u00e9 pomoci<\/a><\/b> a <b><a href=\"https:\/\/www.msk.cz\/\" target=\"_blank\">Moravskoslezsk\u00fd kraj<\/a><\/b> pod z\u00e1\u0161titou n\u00e1m\u011bstka<!--more--> hejtmana Moravskoslezsk\u00e9ho kraje pro soci\u00e1ln\u00ed oblast pana Ji\u0159\u00edho Navr\u00e1tila. Akce byla zam\u011b\u0159ena na <b>propagaci n\u00e1hradn\u00ed rodinn\u00e9 p\u00e9\u010de<\/b>.<\/p>\n<p>V prvn\u00ed chv\u00edl\u00ed to vypadalo, \u017ee n\u00e1m po\u010das\u00ed nep\u0159eje a \u00fa\u010dastn\u00edci str\u00e1v\u00ed tento den, nam\u00edsto hran\u00edm a tvo\u0159en\u00edm, pod de\u0161tn\u00edky. Na\u0161t\u011bst\u00ed brzy vykouklo slun\u00ed\u010dko a v\u0161ichni jsme si mohli akci naplno u\u017e\u00edt. Ve st\u00e1nku na\u0161\u00ed organizace jsme m\u011bli pro d\u011bti p\u0159ipraveno <b>navl\u00e9k\u00e1n\u00ed n\u00e1ramk\u016f a n\u00e1hrdeln\u00edk\u016f<\/b> z b\u00edl\u00fdch, \u010dern\u00fdch a barevn\u00fdch br\u010dek. N\u011bkter\u00e9 d\u011bti zvolily pro navl\u00e9k\u00e1n\u00ed jednobarevnou \u010di dvoubarevnou kombinaci, n\u011bkter\u00e9 v\u00fdtvory hr\u00e1ly v\u0161emi barvami, kter\u00e9 mal\u00e9 i velk\u00e9 \u00fa\u010dastn\u00edky akce kr\u00e1sn\u011b zdobily.<\/p>\n<p>D\u011bkujeme po\u0159adatel\u016fm a \u00fa\u010dastn\u00edk\u016fm akce a t\u011b\u0161\u00edme se na p\u0159\u00ed\u0161t\u011b.<\/p>\n<p style=\"text-align: right\">T\u00fdm pracovn\u00edk\u016f Do n\u00e1ru\u010de.<\/p>\n<p>&nbsp;<\/p>\n<p><a href=\"https:\/\/www.donaruce.cz\/wp-content\/uploads\/Dny-rodin-2022-1.jpg\" data-rel=\"lightbox-gallery-8iQvv0Dk\" data-rl_title=\"Dny-rodin-2022-1\" data-rl_caption=\"\" title=\"Dny-rodin-2022-1\"><img decoding=\"async\" class=\"alignleft size-full wp-image-54\" title=\"Dny rodin 2022 na Sovinci 1\" src=\"https:\/\/www.donaruce.cz\/wp-content\/uploads\/Dny-rodin-2022-1.jpg\" alt=\"Dny rodin 2022 na Sovinci 1\" width=\"225\" height=\"\" \/><\/a><a href=\"https:\/\/www.donaruce.cz\/wp-content\/uploads\/Dny-rodin-2022-2.jpg\" data-rel=\"lightbox-gallery-8iQvv0Dk\" data-rl_title=\"Dny-rodin-2022-2\" data-rl_caption=\"\" title=\"Dny-rodin-2022-2\"><img decoding=\"async\" class=\"alignleft size-full wp-image-54\" title=\"Dny rodin 2022 na Sovinci 2\" src=\"https:\/\/www.donaruce.cz\/wp-content\/uploads\/Dny-rodin-2022-2.jpg\" alt=\"Dny rodin 2022 na Sovinci 2\" width=\"225\" height=\"\" \/><\/a><a href=\"https:\/\/www.donaruce.cz\/wp-content\/uploads\/Dny-rodin-2022-3.jpg\" data-rel=\"lightbox-gallery-8iQvv0Dk\" data-rl_title=\"Dny-rodin-2022-3\" data-rl_caption=\"\" title=\"Dny-rodin-2022-3\"><img decoding=\"async\" class=\"alignleft size-full wp-image-54\" title=\"Dny rodin 2022 na Sovinci 3\" src=\"https:\/\/www.donaruce.cz\/wp-content\/uploads\/Dny-rodin-2022-3.jpg\" alt=\"Dny rodin 2022 na Sovinci 3\" width=\"225\" height=\"\" \/><\/a><\/p>\n<p>&nbsp;<\/p>\n<p>&nbsp;<\/p>\n<p>&nbsp;<\/p>\n<p>&nbsp;<\/p>\n<p>&nbsp;<\/p>\n<p style=\"text-align: center\"><i>Fotky z <a href=\"https:\/\/www.facebook.com\/nasemoravskoslezsko\/\" target=\"_blank\"><b>Facebooku Moravskoslezsk\u00e9ho kraje<\/b>.<\/i><\/p>\n","protected":false},"excerpt":{"rendered":"<p class=\"excerpt\">V m\u011bs\u00edci z\u00e1\u0159\u00ed se na\u0161e organizace z\u00fa\u010dastnila akce Dny rodin 2022 na hrad\u011b Sovinec, kterou po\u0159\u00e1dalo Centrum psychologick\u00e9 pomoci a Moravskoslezsk\u00fd kraj pod z\u00e1\u0161titou n\u00e1m\u011bstka <a href=\"https:\/\/www.donaruce.cz\/?p=1523\">Read more &rarr;<\/a><\/p>\n","protected":false},"author":1,"featured_media":0,"comment_status":"open","ping_status":"open","sticky":false,"template":"","format":"standard","meta":{"_monsterinsights_skip_tracking":false,"_monsterinsights_sitenote_active":false,"_monsterinsights_sitenote_note":"","_monsterinsights_sitenote_category":0,"footnotes":""},"categories":[8],"tags":[],"class_list":["post-1523","post","type-post","status-publish","format-standard","hentry","category-ostatni","xfolkentry"],"_links":{"self":[{"href":"https:\/\/www.donaruce.cz\/index.php?rest_route=\/wp\/v2\/posts\/1523","targetHints":{"allow":["GET"]}}],"collection":[{"href":"https:\/\/www.donaruce.cz\/index.php?rest_route=\/wp\/v2\/posts"}],"about":[{"href":"https:\/\/www.donaruce.cz\/index.php?rest_route=\/wp\/v2\/types\/post"}],"author":[{"embeddable":true,"href":"https:\/\/www.donaruce.cz\/index.php?rest_route=\/wp\/v2\/users\/1"}],"replies":[{"embeddable":true,"href":"https:\/\/www.donaruce.cz\/index.php?rest_route=%2Fwp%2Fv2%2Fcomments&post=1523"}],"version-history":[{"count":19,"href":"https:\/\/www.donaruce.cz\/index.php?rest_route=\/wp\/v2\/posts\/1523\/revisions"}],"predecessor-version":[{"id":1775,"href":"https:\/\/www.donaruce.cz\/index.php?rest_route=\/wp\/v2\/posts\/1523\/revisions\/1775"}],"wp:attachment":[{"href":"https:\/\/www.donaruce.cz\/index.php?rest_route=%2Fwp%2Fv2%2Fmedia&parent=1523"}],"wp:term":[{"taxonomy":"category","embeddable":true,"href":"https:\/\/www.donaruce.cz\/index.php?rest_route=%2Fwp%2Fv2%2Fcategories&post=1523"},{"taxonomy":"post_tag","embeddable":true,"href":"https:\/\/www.donaruce.cz\/index.php?rest_route=%2Fwp%2Fv2%2Ftags&post=1523"}],"curies":[{"name":"wp","href":"https:\/\/api.w.org\/{rel}","templated":true}]}}