{"id":1629,"date":"2023-10-17T01:29:30","date_gmt":"2023-10-17T00:29:30","guid":{"rendered":"https:\/\/www.donaruce.cz\/?p=1629"},"modified":"2023-10-17T01:30:54","modified_gmt":"2023-10-17T00:30:54","slug":"dny-rodin-2023-na-sovinci","status":"publish","type":"post","link":"https:\/\/www.donaruce.cz\/?p=1629","title":{"rendered":"Dny rodin 2023 na Sovinci"},"content":{"rendered":"<p>Rok se s rokem se\u0161el a na\u0161e organizace se v m\u011bs\u00edci z\u00e1\u0159\u00ed op\u011bt z\u00fa\u010dastnila akce <b>Dny rodin 2023 na hrad\u011b Sovinec<\/b>, kterou po\u0159\u00e1dalo <b><a href=\"https:\/\/www.cepp.cz\/\" target=\"_blank\">Centrum psychologick\u00e9 pomoci<\/a><\/b> a <b><a href=\"https:\/\/www.msk.cz\/\" target=\"_blank\">Moravskoslezsk\u00fd<!--more--> kraj<\/a><\/b> pod z\u00e1\u0161titou n\u00e1m\u011bstka hejtmana Moravskoslezsk\u00e9ho kraje pro soci\u00e1ln\u00ed oblast pana Ji\u0159\u00edho Navr\u00e1tila. Akce byla zam\u011b\u0159ena na <b>propagaci n\u00e1hradn\u00ed rodinn\u00e9 p\u00e9\u010de<\/b>.<\/p>\n<p>Tentokr\u00e1t n\u00e1m po\u010das\u00ed p\u0159\u00e1lo a slun\u00ed\u010dko sv\u00edtilo pro po\u0159adatele a \u00fa\u010dastn\u00edky akce cel\u00e9 odpoledne. <b>\u00da\u010dast rodin byla hojn\u00e1.<\/b> U st\u00e1nku na\u0161\u00ed organizace si d\u011bti i dosp\u011bl\u00ed m\u011bli mo\u017enost <b>vyrobit n\u00e1ramek nebo ozdobu na krk<\/b> z r\u016fznobarevn\u00fdch br\u010dek a z\u00edskat u\u017eite\u010dn\u00e9 informace o n\u00e1hradn\u00ed rodinn\u00e9 p\u00e9\u010di.<\/p>\n<p><b>D\u011bkujeme<\/b> po\u0159adatel\u016fm a \u00fa\u010dastn\u00edk\u016fm akce a t\u011b\u0161\u00edme se na p\u0159\u00ed\u0161t\u011b.<\/p>\n<p style=\"text-align: right\">T\u00fdm pracovn\u00edk\u016f Do n\u00e1ru\u010de.<\/p>\n<p>&nbsp;<\/p>\n<p><a href=\"https:\/\/www.donaruce.cz\/wp-content\/uploads\/Dny-rodin-2023-2.jpeg\" data-rel=\"lightbox-gallery-3R55lr3C\" data-rl_title=\"Dny-rodin-2023-2\" data-rl_caption=\"\" title=\"Dny-rodin-2023-2\"><img decoding=\"async\" class=\"alignleft size-full wp-image-54\" title=\"Dny rodin 2023 na Sovinci 1\" src=\"https:\/\/www.donaruce.cz\/wp-content\/uploads\/Dny-rodin-2023-2.jpeg\" alt=\"Dny rodin 2023 na Sovinci 1\" width=\"225\" height=\"\" \/><\/a><a href=\"https:\/\/www.donaruce.cz\/wp-content\/uploads\/Dny-rodin-2023-1.jpg\" data-rel=\"lightbox-gallery-3R55lr3C\" data-rl_title=\"Dny-rodin-2023-1\" data-rl_caption=\"\" title=\"Dny-rodin-2023-1\"><img decoding=\"async\" class=\"alignleft size-full wp-image-54\" title=\"Dny rodin 2023 na Sovinci 2\" src=\"https:\/\/www.donaruce.cz\/wp-content\/uploads\/Dny-rodin-2023-1.jpg\" alt=\"Dny rodin 2023 na Sovinci 2\" width=\"335\" height=\"\" \/><\/a><\/p>\n<p>&nbsp;<\/p>\n<p>&nbsp;<\/p>\n<p><i>Fotka z <a href=\"https:\/\/www.facebook.com\/nasemoravskoslezsko\/\" target=\"_blank\"><b>Facebooku Moravskoslezsk\u00e9ho kraje<\/b>.<\/i><\/p>\n","protected":false},"excerpt":{"rendered":"<p class=\"excerpt\">Rok se s rokem se\u0161el a na\u0161e organizace se v m\u011bs\u00edci z\u00e1\u0159\u00ed op\u011bt z\u00fa\u010dastnila akce Dny rodin 2023 na hrad\u011b Sovinec, kterou po\u0159\u00e1dalo Centrum psychologick\u00e9 pomoci a Moravskoslezsk\u00fd <a href=\"https:\/\/www.donaruce.cz\/?p=1629\">Read more &rarr;<\/a><\/p>\n","protected":false},"author":1,"featured_media":0,"comment_status":"open","ping_status":"open","sticky":false,"template":"","format":"standard","meta":{"_monsterinsights_skip_tracking":false,"_monsterinsights_sitenote_active":false,"_monsterinsights_sitenote_note":"","_monsterinsights_sitenote_category":0,"footnotes":""},"categories":[8],"tags":[],"class_list":["post-1629","post","type-post","status-publish","format-standard","hentry","category-ostatni","xfolkentry"],"_links":{"self":[{"href":"https:\/\/www.donaruce.cz\/index.php?rest_route=\/wp\/v2\/posts\/1629","targetHints":{"allow":["GET"]}}],"collection":[{"href":"https:\/\/www.donaruce.cz\/index.php?rest_route=\/wp\/v2\/posts"}],"about":[{"href":"https:\/\/www.donaruce.cz\/index.php?rest_route=\/wp\/v2\/types\/post"}],"author":[{"embeddable":true,"href":"https:\/\/www.donaruce.cz\/index.php?rest_route=\/wp\/v2\/users\/1"}],"replies":[{"embeddable":true,"href":"https:\/\/www.donaruce.cz\/index.php?rest_route=%2Fwp%2Fv2%2Fcomments&post=1629"}],"version-history":[{"count":17,"href":"https:\/\/www.donaruce.cz\/index.php?rest_route=\/wp\/v2\/posts\/1629\/revisions"}],"predecessor-version":[{"id":1748,"href":"https:\/\/www.donaruce.cz\/index.php?rest_route=\/wp\/v2\/posts\/1629\/revisions\/1748"}],"wp:attachment":[{"href":"https:\/\/www.donaruce.cz\/index.php?rest_route=%2Fwp%2Fv2%2Fmedia&parent=1629"}],"wp:term":[{"taxonomy":"category","embeddable":true,"href":"https:\/\/www.donaruce.cz\/index.php?rest_route=%2Fwp%2Fv2%2Fcategories&post=1629"},{"taxonomy":"post_tag","embeddable":true,"href":"https:\/\/www.donaruce.cz\/index.php?rest_route=%2Fwp%2Fv2%2Ftags&post=1629"}],"curies":[{"name":"wp","href":"https:\/\/api.w.org\/{rel}","templated":true}]}}