{"id":163,"date":"2016-11-08T11:16:17","date_gmt":"2016-11-08T10:16:17","guid":{"rendered":"http:\/\/www.donaruce.cz\/?p=163"},"modified":"2018-07-30T20:23:19","modified_gmt":"2018-07-30T19:23:19","slug":"podzimni-prazdniny-v-dolni-morave","status":"publish","type":"post","link":"https:\/\/www.donaruce.cz\/?p=163","title":{"rendered":"Podzimn\u00ed pr\u00e1zdniny v Doln\u00ed Morav\u011b"},"content":{"rendered":"<p><a href=\"http:\/\/www.donaruce.cz\/wp-content\/uploads\/Podzimni-prazdniny-v-Dolni-Morave-2016-2.jpg\" data-rel=\"lightbox-gallery-SIgYBrqP\" data-rl_title=\"Podzimn\u00ed pr\u00e1zdniny v Doln\u00ed Morav\u011b 2016 1\" data-rl_caption=\"\" title=\"Podzimn\u00ed pr\u00e1zdniny v Doln\u00ed Morav\u011b 2016 1\"><img decoding=\"async\" class=\"alignleft size-full wp-image-54\" title=\"Podzimn\u00ed pr\u00e1zdniny v Doln\u00ed Morav\u011b 1\" src=\"http:\/\/www.donaruce.cz\/wp-content\/uploads\/Podzimni-prazdniny-v-Dolni-Morave-2016-2.jpg\" alt=\"Podzimn\u00ed pr\u00e1zdniny v Doln\u00ed Morav\u011b 1\" width=\"160\" height=\"\" \/><\/a>V dnech 26. \u2013 28. \u0159\u00edjna 2016 prob\u011bhl respitn\u00ed pobyt s n\u00e1zvem \u201ePodzimn\u00ed pr\u00e1zdniny v Doln\u00ed Morav\u011b\u201c. Akce se z\u00fa\u010dastnilo 31 d\u011bt\u00ed z p\u011bstounsk\u00fdch rodin. Spole\u010dn\u011b s d\u011btmi jsme zav\u00edtali do Resortu Doln\u00ed Morava.<!--more--> D\u011bti si u\u017eily stezku v oblac\u00edch i bobovou dr\u00e1hu. Nav\u0161t\u00edvili jsme t\u00e9\u017e vojensk\u00fd bunkr a Zem\u011bd\u011blsk\u00fd skanzen &#8220;U Havl\u00ed\u010dk\u016f&#8221; Rapot\u00edn.<\/p>\n<p><a href=\"http:\/\/www.donaruce.cz\/wp-content\/uploads\/Podzimni-prazdniny-v-Dolni-Morave-2016-3.jpg\" data-rel=\"lightbox-gallery-SIgYBrqP\" data-rl_title=\"Podzimn\u00ed pr\u00e1zdniny v Doln\u00ed Morav\u011b 2016 2\" data-rl_caption=\"\" title=\"Podzimn\u00ed pr\u00e1zdniny v Doln\u00ed Morav\u011b 2016 2\"><img decoding=\"async\" class=\"alignleft size-full wp-image-54\" title=\"Podzimn\u00ed pr\u00e1zdniny v Doln\u00ed Morav\u011b 2\" src=\"http:\/\/www.donaruce.cz\/wp-content\/uploads\/Podzimni-prazdniny-v-Dolni-Morave-2016-3.jpg\" alt=\"Podzimn\u00ed pr\u00e1zdniny v Doln\u00ed Morav\u011b 2\" width=\"160\" height=\"\" \/><\/a><a href=\"http:\/\/www.donaruce.cz\/wp-content\/uploads\/Podzimni-prazdniny-v-Dolni-Morave-2016-4.jpg\" data-rel=\"lightbox-gallery-SIgYBrqP\" data-rl_title=\"Podzimn\u00ed pr\u00e1zdniny v Doln\u00ed Morav\u011b 2016 3\" data-rl_caption=\"\" title=\"Podzimn\u00ed pr\u00e1zdniny v Doln\u00ed Morav\u011b 2016 3\"><img decoding=\"async\" class=\"alignleft size-full wp-image-54\" title=\"Podzimn\u00ed pr\u00e1zdniny v Doln\u00ed Morav\u011b 3\" src=\"http:\/\/www.donaruce.cz\/wp-content\/uploads\/Podzimni-prazdniny-v-Dolni-Morave-2016-4.jpg\" alt=\"Podzimn\u00ed pr\u00e1zdniny v Doln\u00ed Morav\u011b 3\" width=\"160\" height=\"\" \/><\/a><a href=\"http:\/\/www.donaruce.cz\/wp-content\/uploads\/Podzimni-prazdniny-v-Dolni-Morave-2016-5.jpg\" data-rel=\"lightbox-gallery-SIgYBrqP\" data-rl_title=\"Podzimn\u00ed pr\u00e1zdniny v Doln\u00ed Morav\u011b 2016 4\" data-rl_caption=\"\" title=\"Podzimn\u00ed pr\u00e1zdniny v Doln\u00ed Morav\u011b 2016 4\"><img decoding=\"async\" class=\"alignleft size-full wp-image-54\" title=\"Podzimn\u00ed pr\u00e1zdniny v Doln\u00ed Morav\u011b 4\" src=\"http:\/\/www.donaruce.cz\/wp-content\/uploads\/Podzimni-prazdniny-v-Dolni-Morave-2016-5.jpg\" alt=\"Podzimn\u00ed pr\u00e1zdniny v Doln\u00ed Morav\u011b 4\" width=\"160\" height=\"\" \/><\/a><a href=\"http:\/\/www.donaruce.cz\/wp-content\/uploads\/Podzimni-prazdniny-v-Dolni-Morave-2016-7.jpg\" data-rel=\"lightbox-gallery-SIgYBrqP\" data-rl_title=\"Podzimn\u00ed pr\u00e1zdniny v Doln\u00ed Morav\u011b 2016 5\" data-rl_caption=\"\" title=\"Podzimn\u00ed pr\u00e1zdniny v Doln\u00ed Morav\u011b 2016 5\"><img decoding=\"async\" class=\"alignleft size-full wp-image-54\" title=\"Podzimn\u00ed pr\u00e1zdniny v Doln\u00ed Morav\u011b 5\" src=\"http:\/\/www.donaruce.cz\/wp-content\/uploads\/Podzimni-prazdniny-v-Dolni-Morave-2016-7.jpg\" alt=\"Podzimn\u00ed pr\u00e1zdniny v Doln\u00ed Morav\u011b 5\" width=\"160\" height=\"\" \/><\/a><a href=\"http:\/\/www.donaruce.cz\/wp-content\/uploads\/Podzimni-prazdniny-v-Dolni-Morave-2016-9.jpg\" data-rel=\"lightbox-gallery-SIgYBrqP\" data-rl_title=\"Podzimn\u00ed pr\u00e1zdniny v Doln\u00ed Morav\u011b 2016 6\" data-rl_caption=\"\" title=\"Podzimn\u00ed pr\u00e1zdniny v Doln\u00ed Morav\u011b 2016 6\"><img decoding=\"async\" class=\"alignleft size-full wp-image-54\" title=\"Podzimn\u00ed pr\u00e1zdniny v Doln\u00ed Morav\u011b 6\" src=\"http:\/\/www.donaruce.cz\/wp-content\/uploads\/Podzimni-prazdniny-v-Dolni-Morave-2016-9.jpg\" alt=\"Podzimn\u00ed pr\u00e1zdniny v Doln\u00ed Morav\u011b 6\" width=\"160\" height=\"\" \/><\/a><\/p>\n","protected":false},"excerpt":{"rendered":"<p class=\"excerpt\">V dnech 26. \u2013 28. \u0159\u00edjna 2016 prob\u011bhl respitn\u00ed pobyt s n\u00e1zvem \u201ePodzimn\u00ed pr\u00e1zdniny v Doln\u00ed Morav\u011b\u201c. Akce se z\u00fa\u010dastnilo 31 d\u011bt\u00ed z p\u011bstounsk\u00fdch rodin. Spole\u010dn\u011b s d\u011btmi jsme zav\u00edtali do Resortu Doln\u00ed Morava. <a href=\"https:\/\/www.donaruce.cz\/?p=163\">Read more &rarr;<\/a><\/p>\n","protected":false},"author":1,"featured_media":0,"comment_status":"open","ping_status":"open","sticky":false,"template":"","format":"standard","meta":{"_monsterinsights_skip_tracking":false,"_monsterinsights_sitenote_active":false,"_monsterinsights_sitenote_note":"","_monsterinsights_sitenote_category":0,"footnotes":""},"categories":[6],"tags":[11],"class_list":["post-163","post","type-post","status-publish","format-standard","hentry","category-pobytove-akce","tag-vicedenni-vylety","xfolkentry"],"_links":{"self":[{"href":"https:\/\/www.donaruce.cz\/index.php?rest_route=\/wp\/v2\/posts\/163","targetHints":{"allow":["GET"]}}],"collection":[{"href":"https:\/\/www.donaruce.cz\/index.php?rest_route=\/wp\/v2\/posts"}],"about":[{"href":"https:\/\/www.donaruce.cz\/index.php?rest_route=\/wp\/v2\/types\/post"}],"author":[{"embeddable":true,"href":"https:\/\/www.donaruce.cz\/index.php?rest_route=\/wp\/v2\/users\/1"}],"replies":[{"embeddable":true,"href":"https:\/\/www.donaruce.cz\/index.php?rest_route=%2Fwp%2Fv2%2Fcomments&post=163"}],"version-history":[{"count":66,"href":"https:\/\/www.donaruce.cz\/index.php?rest_route=\/wp\/v2\/posts\/163\/revisions"}],"predecessor-version":[{"id":798,"href":"https:\/\/www.donaruce.cz\/index.php?rest_route=\/wp\/v2\/posts\/163\/revisions\/798"}],"wp:attachment":[{"href":"https:\/\/www.donaruce.cz\/index.php?rest_route=%2Fwp%2Fv2%2Fmedia&parent=163"}],"wp:term":[{"taxonomy":"category","embeddable":true,"href":"https:\/\/www.donaruce.cz\/index.php?rest_route=%2Fwp%2Fv2%2Fcategories&post=163"},{"taxonomy":"post_tag","embeddable":true,"href":"https:\/\/www.donaruce.cz\/index.php?rest_route=%2Fwp%2Fv2%2Ftags&post=163"}],"curies":[{"name":"wp","href":"https:\/\/api.w.org\/{rel}","templated":true}]}}