{"id":1906,"date":"2024-08-10T00:20:32","date_gmt":"2024-08-09T23:20:32","guid":{"rendered":"https:\/\/www.donaruce.cz\/?p=1906"},"modified":"2024-08-10T00:25:29","modified_gmt":"2024-08-09T23:25:29","slug":"dny-rodin-2024","status":"publish","type":"post","link":"https:\/\/www.donaruce.cz\/?p=1906","title":{"rendered":"Dny rodin 2024"},"content":{"rendered":"<p><a href=\"https:\/\/www.msk.cz\/\" target=\"_blank\"><b>Moravskoslezsk\u00fd kraj<\/b><\/a> ve spolupr\u00e1ci s <a href=\"https:\/\/www.cepp.cz\/\" target=\"_blank\"><b>Centrem psychologick\u00e9 pomoci<\/b><\/a> po\u0159\u00e1d\u00e1 v r\u00e1mci kampan\u011b <a href=\"https:\/\/dejmedetemrodinu.msk.cz\/\" target=\"_blank\"><b>Dejme d\u011btem rodinu<\/b><\/a> Dny rodin, kter\u00e9 se uskute\u010dn\u00ed:<\/p>\n<ul>\n<li>8.9.2024 na <a href=\"https:\/\/www.mubr.cz\/sovinec\" target=\"_blank\"><b>hrad\u011b Sovinec<\/b><\/a>,<!--more--><\/li>\n<li>15.9.2024 v <a href=\"https:\/\/www.muzeumnj.cz\/tatra\" target=\"_blank\"><b>Muzeu n\u00e1kladn\u00edch automobil\u016f Tatra<\/b><\/a> (nov\u00e1 expozice).<\/li>\n<\/ul>\n<p>B\u011bhem dvou <b>z\u00e1\u0159ijov\u00fdch ned\u011bl\u00ed roku 2024<\/b> tak m\u00e1te mo\u017enost s d\u011btmi <b>zdarma nav\u0161t\u00edvit kr\u00e1sn\u00e1 m\u00edsta na\u0161eho kraje<\/b>. P\u0159ipraven bude nejen st\u00e1nek s pracovn\u00edky, kte\u0159\u00ed V\u00e1m poskytnou informace k n\u00e1hradn\u00ed rodinn\u00e9 p\u00e9\u010di \u010di odpov\u00ed na Va\u0161e dotazy k tomuto t\u00e9matu, ale tak\u00e9 <b>bohat\u00fd doprovodn\u00fd z\u00e1bavn\u00fd program<\/b>. <\/p>\n<p><b>Program <\/b>bude zaji\u0161t\u011bn v\u017edy v \u010dase <b>od 13.00 hodin do 17:00 hodin<\/b>.<\/p>\n<p>Bli\u017e\u0161\u00ed informace naleznete na <a href=\"https:\/\/www.donaruce.cz\/wp-content\/uploads\/Dny-rodin-2024-plakat.jpg\" target=\"_blank\" data-rel=\"lightbox-gallery-ZvVCe5fh\" data-rl_title=\"Dny-rodin-2024-plakat\" data-rl_caption=\"\" title=\"Dny-rodin-2024-plakat\">plak\u00e1tu<\/a> nebo na str\u00e1nk\u00e1ch <a href=\"https:\/\/dejmedetemrodinu.msk.cz\/\" target=\"_blank\">Dejme d\u011btem rodinu<\/a>.<\/p>\n","protected":false},"excerpt":{"rendered":"<p class=\"excerpt\">Moravskoslezsk\u00fd kraj ve spolupr\u00e1ci s Centrem psychologick\u00e9 pomoci po\u0159\u00e1d\u00e1 v r\u00e1mci kampan\u011b Dejme d\u011btem rodinu Dny rodin, kter\u00e9 se uskute\u010dn\u00ed: 8.9.2024 na hrad\u011b Sovinec, <a href=\"https:\/\/www.donaruce.cz\/?p=1906\">Read more &rarr;<\/a><\/p>\n","protected":false},"author":1,"featured_media":0,"comment_status":"open","ping_status":"open","sticky":false,"template":"","format":"standard","meta":{"_monsterinsights_skip_tracking":false,"_monsterinsights_sitenote_active":false,"_monsterinsights_sitenote_note":"","_monsterinsights_sitenote_category":0,"footnotes":""},"categories":[14],"tags":[],"class_list":["post-1906","post","type-post","status-publish","format-standard","hentry","category-nahradni-rodinna-pece","xfolkentry"],"_links":{"self":[{"href":"https:\/\/www.donaruce.cz\/index.php?rest_route=\/wp\/v2\/posts\/1906","targetHints":{"allow":["GET"]}}],"collection":[{"href":"https:\/\/www.donaruce.cz\/index.php?rest_route=\/wp\/v2\/posts"}],"about":[{"href":"https:\/\/www.donaruce.cz\/index.php?rest_route=\/wp\/v2\/types\/post"}],"author":[{"embeddable":true,"href":"https:\/\/www.donaruce.cz\/index.php?rest_route=\/wp\/v2\/users\/1"}],"replies":[{"embeddable":true,"href":"https:\/\/www.donaruce.cz\/index.php?rest_route=%2Fwp%2Fv2%2Fcomments&post=1906"}],"version-history":[{"count":4,"href":"https:\/\/www.donaruce.cz\/index.php?rest_route=\/wp\/v2\/posts\/1906\/revisions"}],"predecessor-version":[{"id":1911,"href":"https:\/\/www.donaruce.cz\/index.php?rest_route=\/wp\/v2\/posts\/1906\/revisions\/1911"}],"wp:attachment":[{"href":"https:\/\/www.donaruce.cz\/index.php?rest_route=%2Fwp%2Fv2%2Fmedia&parent=1906"}],"wp:term":[{"taxonomy":"category","embeddable":true,"href":"https:\/\/www.donaruce.cz\/index.php?rest_route=%2Fwp%2Fv2%2Fcategories&post=1906"},{"taxonomy":"post_tag","embeddable":true,"href":"https:\/\/www.donaruce.cz\/index.php?rest_route=%2Fwp%2Fv2%2Ftags&post=1906"}],"curies":[{"name":"wp","href":"https:\/\/api.w.org\/{rel}","templated":true}]}}