{"id":1913,"date":"2024-08-24T02:35:48","date_gmt":"2024-08-24T01:35:48","guid":{"rendered":"https:\/\/www.donaruce.cz\/?p=1913"},"modified":"2024-08-24T02:35:48","modified_gmt":"2024-08-24T01:35:48","slug":"den-rodin-s-otevrenym-srdcem-aneb-spolu-ruku-v-ruce-2","status":"publish","type":"post","link":"https:\/\/www.donaruce.cz\/?p=1913","title":{"rendered":"Den rodin s otev\u0159en\u00fdm srdcem aneb Spolu ruku v ruce"},"content":{"rendered":"<p><a href=\"https:\/\/www.msk.cz\/\" target=\"_blank\"><b>Moravskoslezsk\u00fd kraj<\/b><\/a> po\u0159\u00e1d\u00e1 v r\u00e1mci kampan\u011b <a href=\"https:\/\/dejmedetemrodinu.msk.cz\/\" target=\"_blank\"><b>Dejme d\u011btem rodinu<\/b><\/a> benefi\u010dn\u00ed akci s n\u00e1zvem <b>Den rodin s otev\u0159en\u00fdm srdcem aneb Spolu ruku v ruce<\/b>, kter\u00e1 se uskute\u010dn\u00ed <b>21. 9. 2024<!--more--> od 13 h <br \/>v Trojhal\u00ed Karolina<\/b> v Ostrav\u011b.<\/p>\n<p>C\u00edlem akce je p\u0159ibl\u00ed\u017eit \u0161irok\u00e9 ve\u0159ejnosti \u017eivot neform\u00e1ln\u00edch pe\u010duj\u00edc\u00edch o osobu s posti\u017een\u00edm a tak\u00e9 p\u011bstounsk\u00fdch rodin, vyj\u00e1d\u0159it pe\u010duj\u00edc\u00edm i p\u011bstoun\u016fm podporu a pod\u011bkovat jim za jejich \u00factyhodnou roli.<\/p>\n<p>V r\u00e1mci akce se m\u016f\u017eete t\u011b\u0161it na <b>bohat\u00fd doprovodn\u00fd program<\/b>.<\/p>\n<p>Vstupn\u00e9 na akci je <b>ZDARMA<\/b>.<\/p>\n<p>Bli\u017e\u0161\u00ed informace naleznete na <a href=\"https:\/\/www.donaruce.cz\/wp-content\/uploads\/Den-rodin-s-otevrenym-srdcem-2024.jpg\" target=\"_blank\" data-rel=\"lightbox-gallery-qi0j0Jm9\" data-rl_title=\"Den-rodin-s-otevrenym-srdcem-2024\" data-rl_caption=\"\" title=\"Den-rodin-s-otevrenym-srdcem-2024\">plak\u00e1tu<\/a> nebo na str\u00e1nk\u00e1ch <a href=\"https:\/\/dejmedetemrodinu.msk.cz\/cs\/den-rodin-s-otevrenym-srdcem-aneb-spolu-ruku-v-ruce-19553\/\" target=\"_blank\">Dejme d\u011btem rodinu<\/a>.<\/p>\n","protected":false},"excerpt":{"rendered":"<p class=\"excerpt\">Moravskoslezsk\u00fd kraj po\u0159\u00e1d\u00e1 v r\u00e1mci kampan\u011b Dejme d\u011btem rodinu benefi\u010dn\u00ed akci s n\u00e1zvem Den rodin s otev\u0159en\u00fdm srdcem aneb Spolu ruku v ruce, kter\u00e1 se uskute\u010dn\u00ed 21. 9. 2024 <a href=\"https:\/\/www.donaruce.cz\/?p=1913\">Read more &rarr;<\/a><\/p>\n","protected":false},"author":1,"featured_media":0,"comment_status":"open","ping_status":"open","sticky":false,"template":"","format":"standard","meta":{"_monsterinsights_skip_tracking":false,"_monsterinsights_sitenote_active":false,"_monsterinsights_sitenote_note":"","_monsterinsights_sitenote_category":0,"footnotes":""},"categories":[14],"tags":[],"class_list":["post-1913","post","type-post","status-publish","format-standard","hentry","category-nahradni-rodinna-pece","xfolkentry"],"_links":{"self":[{"href":"https:\/\/www.donaruce.cz\/index.php?rest_route=\/wp\/v2\/posts\/1913","targetHints":{"allow":["GET"]}}],"collection":[{"href":"https:\/\/www.donaruce.cz\/index.php?rest_route=\/wp\/v2\/posts"}],"about":[{"href":"https:\/\/www.donaruce.cz\/index.php?rest_route=\/wp\/v2\/types\/post"}],"author":[{"embeddable":true,"href":"https:\/\/www.donaruce.cz\/index.php?rest_route=\/wp\/v2\/users\/1"}],"replies":[{"embeddable":true,"href":"https:\/\/www.donaruce.cz\/index.php?rest_route=%2Fwp%2Fv2%2Fcomments&post=1913"}],"version-history":[{"count":1,"href":"https:\/\/www.donaruce.cz\/index.php?rest_route=\/wp\/v2\/posts\/1913\/revisions"}],"predecessor-version":[{"id":1915,"href":"https:\/\/www.donaruce.cz\/index.php?rest_route=\/wp\/v2\/posts\/1913\/revisions\/1915"}],"wp:attachment":[{"href":"https:\/\/www.donaruce.cz\/index.php?rest_route=%2Fwp%2Fv2%2Fmedia&parent=1913"}],"wp:term":[{"taxonomy":"category","embeddable":true,"href":"https:\/\/www.donaruce.cz\/index.php?rest_route=%2Fwp%2Fv2%2Fcategories&post=1913"},{"taxonomy":"post_tag","embeddable":true,"href":"https:\/\/www.donaruce.cz\/index.php?rest_route=%2Fwp%2Fv2%2Ftags&post=1913"}],"curies":[{"name":"wp","href":"https:\/\/api.w.org\/{rel}","templated":true}]}}