{"id":760,"date":"2018-03-22T23:09:53","date_gmt":"2018-03-22T22:09:53","guid":{"rendered":"http:\/\/www.donaruce.cz\/?p=760"},"modified":"2018-07-30T20:29:05","modified_gmt":"2018-07-30T19:29:05","slug":"jarni-prazdniny-v-uvalne-2018","status":"publish","type":"post","link":"https:\/\/www.donaruce.cz\/?p=760","title":{"rendered":"Jarn\u00ed pr\u00e1zdniny v \u00davaln\u011b 2018"},"content":{"rendered":"<p>V term\u00ednu 26. 2. &#8211; 2. 3. 2018 se deset d\u011bt\u00ed z Brunt\u00e1lska z\u00fa\u010dastnilo respitn\u00edho pobytu s n\u00e1zvem \u201cJarn\u00ed pr\u00e1zdniny v \u00davaln\u011b\u201d. Po\u010das\u00ed bylo po cel\u00fd t\u00fdden mraziv\u00e9, ale to n\u00e1m nebr\u00e1nilo si pobyt u\u017e\u00edt naplno.<!--more--><br \/>\nV pond\u011bl\u00ed po p\u0159\u00edjezdu jsme nav\u0161t\u00edvili nov\u011b vybudovan\u00e9 <b>zrcadlov\u00e9 bludi\u0161t\u011b<\/b> v \u00davaln\u011b. Po ob\u011bd\u011b jsme <b>s\u00e1\u0148kovali a bobovali<\/b> a ve\u010dern\u00ed program se nesl ve znamen\u00ed <b>spole\u010densk\u00fdch her a stoln\u00edho tenisu<\/b>.<br \/>\n\u00datern\u00ed v\u00fdlet do Ostravy jsme vyplnili <b>sk\u00e1k\u00e1n\u00edm na trampol\u00edn\u00e1ch<\/b> pod veden\u00edm instruktor\u016f a odpoledn\u00ed n\u00e1v\u0161t\u011bvou <b>Laser game<\/b>, kde jsme se pat\u0159i\u010dn\u011b vy\u0159\u00e1dili.<br \/>\nSt\u0159eda dopoledne se nesla ve znamen\u00ed <b>v\u00fdtvarn\u00fdch \u010dinnost\u00ed<\/b>. Se souhlasem majitelky domu jsme vyzdobili malbami st\u011bnu schodi\u0161t\u011b a malovali jsme i na obl\u00e1zky. Odpoledne jsme v lese <b>hr\u00e1li \u0161ipkovanou<\/b> a pozd\u011bji <b>postavili m\u011bsto z kostek Lega<\/b> v\u010detn\u011b funk\u010dn\u00edch model\u016f aut, letadel, helikopt\u00e9r, buldozeru\u2026<br \/>\n\u010ctvrte\u010dn\u00ed den jsme cel\u00fd v\u011bnovali v\u00fdletu do Olomouce. M\u00edstn\u00ed <b>aquapark<\/b> nab\u00edz\u00ed dostatek mo\u017enost\u00ed k vodn\u00edm radov\u00e1nk\u00e1m a ty jsme beze zbytku vyu\u017eili. Odpoledne, po vydatn\u00e9m ob\u011bd\u011b, jsme se p\u0159esunuli do <b>kina<\/b> na animovanou poh\u00e1dku s n\u00e1zvem Ferdinand.<br \/>\nP\u00e1tkem jsme n\u00e1\u0161 pr\u00e1zdninov\u00fd pobyt zakon\u010dili <b>kreslen\u00edm den\u00ed\u010dku<\/b>, kde jsme zaznamenali slovem i obr\u00e1zky uplynul\u00e9 dny s d\u016frazem na to, co se komu z n\u00e1s nejv\u00edce l\u00edbilo. <\/p>\n<p><a href=\"http:\/\/www.donaruce.cz\/wp-content\/uploads\/Jarni-prazdniny-v-Uvalne-2018-1.jpg\" data-rel=\"lightbox-gallery-L512TupY\" data-rl_title=\"Jarn\u00ed pr\u00e1zdniny v \u00davaln\u011b 2018 1\" data-rl_caption=\"\" title=\"Jarn\u00ed pr\u00e1zdniny v \u00davaln\u011b 2018 1\"><img decoding=\"async\" class=\"alignleft size-full wp-image-54\" title=\"Jarn\u00ed pr\u00e1zdniny v \u00davaln\u011b 2018 1\" src=\"http:\/\/www.donaruce.cz\/wp-content\/uploads\/Jarni-prazdniny-v-Uvalne-2018-1.jpg\" alt=\"Jarn\u00ed pr\u00e1zdniny v \u00davaln\u011b 2018 1\" width=\"160\" height=\"\" \/><\/a><a href=\"http:\/\/www.donaruce.cz\/wp-content\/uploads\/Jarni-prazdniny-v-Uvalne-2018-2.jpg\" data-rel=\"lightbox-gallery-L512TupY\" data-rl_title=\"Jarn\u00ed pr\u00e1zdniny v \u00davaln\u011b 2018 2\" data-rl_caption=\"\" title=\"Jarn\u00ed pr\u00e1zdniny v \u00davaln\u011b 2018 2\"><img decoding=\"async\" class=\"alignleft size-full wp-image-54\" title=\"Jarn\u00ed pr\u00e1zdniny v \u00davaln\u011b 2018 2\" src=\"http:\/\/www.donaruce.cz\/wp-content\/uploads\/Jarni-prazdniny-v-Uvalne-2018-2.jpg\" alt=\"Jarn\u00ed pr\u00e1zdniny v \u00davaln\u011b 2018 2\" width=\"160\" height=\"\" \/><\/a><a href=\"http:\/\/www.donaruce.cz\/wp-content\/uploads\/Jarni-prazdniny-v-Uvalne-2018-3.jpg\" data-rel=\"lightbox-gallery-L512TupY\" data-rl_title=\"Jarn\u00ed pr\u00e1zdniny v \u00davaln\u011b 2018 3\" data-rl_caption=\"\" title=\"Jarn\u00ed pr\u00e1zdniny v \u00davaln\u011b 2018 3\"><img decoding=\"async\" class=\"alignleft size-full wp-image-54\" title=\"Jarn\u00ed pr\u00e1zdniny v \u00davaln\u011b 2018 3\" src=\"http:\/\/www.donaruce.cz\/wp-content\/uploads\/Jarni-prazdniny-v-Uvalne-2018-3.jpg\" alt=\"Jarn\u00ed pr\u00e1zdniny v \u00davaln\u011b 2018 3\" width=\"160\" height=\"\" \/><\/a><a href=\"http:\/\/www.donaruce.cz\/wp-content\/uploads\/Jarni-prazdniny-v-Uvalne-2018-4.jpg\" data-rel=\"lightbox-gallery-L512TupY\" data-rl_title=\"Jarn\u00ed pr\u00e1zdniny v \u00davaln\u011b 2018 4\" data-rl_caption=\"\" title=\"Jarn\u00ed pr\u00e1zdniny v \u00davaln\u011b 2018 4\"><img decoding=\"async\" class=\"alignleft size-full wp-image-54\" title=\"Jarn\u00ed pr\u00e1zdniny v \u00davaln\u011b 2018 4\" src=\"http:\/\/www.donaruce.cz\/wp-content\/uploads\/Jarni-prazdniny-v-Uvalne-2018-4.jpg\" alt=\"Jarn\u00ed pr\u00e1zdniny v \u00davaln\u011b 2018 4\" width=\"160\" height=\"\" \/><\/a><a href=\"http:\/\/www.donaruce.cz\/wp-content\/uploads\/Jarni-prazdniny-v-Uvalne-2018-5.jpg\" data-rel=\"lightbox-gallery-L512TupY\" data-rl_title=\"Jarn\u00ed pr\u00e1zdniny v \u00davaln\u011b 2018 5\" data-rl_caption=\"\" title=\"Jarn\u00ed pr\u00e1zdniny v \u00davaln\u011b 2018 5\"><img decoding=\"async\" class=\"alignleft size-full wp-image-54\" title=\"Jarn\u00ed pr\u00e1zdniny v \u00davaln\u011b 2018 5\" src=\"http:\/\/www.donaruce.cz\/wp-content\/uploads\/Jarni-prazdniny-v-Uvalne-2018-5.jpg\" alt=\"Jarn\u00ed pr\u00e1zdniny v \u00davaln\u011b 2018 5\" width=\"160\" height=\"\" \/><\/a><a href=\"http:\/\/www.donaruce.cz\/wp-content\/uploads\/Jarni-prazdniny-v-Uvalne-2018-6.jpg\" data-rel=\"lightbox-gallery-L512TupY\" data-rl_title=\"Jarn\u00ed pr\u00e1zdniny v \u00davaln\u011b 2018 6\" data-rl_caption=\"\" title=\"Jarn\u00ed pr\u00e1zdniny v \u00davaln\u011b 2018 6\"><img decoding=\"async\" class=\"alignleft size-full wp-image-54\" title=\"Jarn\u00ed pr\u00e1zdniny v \u00davaln\u011b 2018 6\" src=\"http:\/\/www.donaruce.cz\/wp-content\/uploads\/Jarni-prazdniny-v-Uvalne-2018-6.jpg\" alt=\"Jarn\u00ed pr\u00e1zdniny v \u00davaln\u011b 2018 6\" width=\"160\" height=\"\" \/><\/a><\/p>\n","protected":false},"excerpt":{"rendered":"<p class=\"excerpt\">V term\u00ednu 26. 2. &#8211; 2. 3. 2018 se deset d\u011bt\u00ed z Brunt\u00e1lska z\u00fa\u010dastnilo respitn\u00edho pobytu s n\u00e1zvem \u201cJarn\u00ed pr\u00e1zdniny v \u00davaln\u011b\u201d. Po\u010das\u00ed bylo po cel\u00fd t\u00fdden mraziv\u00e9, ale to n\u00e1m nebr\u00e1nilo si pobyt u\u017e\u00edt naplno. <a href=\"https:\/\/www.donaruce.cz\/?p=760\">Read more &rarr;<\/a><\/p>\n","protected":false},"author":1,"featured_media":0,"comment_status":"open","ping_status":"open","sticky":false,"template":"","format":"standard","meta":{"_monsterinsights_skip_tracking":false,"_monsterinsights_sitenote_active":false,"_monsterinsights_sitenote_note":"","_monsterinsights_sitenote_category":0,"footnotes":""},"categories":[6],"tags":[12],"class_list":["post-760","post","type-post","status-publish","format-standard","hentry","category-pobytove-akce","tag-jarni-prazdniny","xfolkentry"],"_links":{"self":[{"href":"https:\/\/www.donaruce.cz\/index.php?rest_route=\/wp\/v2\/posts\/760","targetHints":{"allow":["GET"]}}],"collection":[{"href":"https:\/\/www.donaruce.cz\/index.php?rest_route=\/wp\/v2\/posts"}],"about":[{"href":"https:\/\/www.donaruce.cz\/index.php?rest_route=\/wp\/v2\/types\/post"}],"author":[{"embeddable":true,"href":"https:\/\/www.donaruce.cz\/index.php?rest_route=\/wp\/v2\/users\/1"}],"replies":[{"embeddable":true,"href":"https:\/\/www.donaruce.cz\/index.php?rest_route=%2Fwp%2Fv2%2Fcomments&post=760"}],"version-history":[{"count":7,"href":"https:\/\/www.donaruce.cz\/index.php?rest_route=\/wp\/v2\/posts\/760\/revisions"}],"predecessor-version":[{"id":774,"href":"https:\/\/www.donaruce.cz\/index.php?rest_route=\/wp\/v2\/posts\/760\/revisions\/774"}],"wp:attachment":[{"href":"https:\/\/www.donaruce.cz\/index.php?rest_route=%2Fwp%2Fv2%2Fmedia&parent=760"}],"wp:term":[{"taxonomy":"category","embeddable":true,"href":"https:\/\/www.donaruce.cz\/index.php?rest_route=%2Fwp%2Fv2%2Fcategories&post=760"},{"taxonomy":"post_tag","embeddable":true,"href":"https:\/\/www.donaruce.cz\/index.php?rest_route=%2Fwp%2Fv2%2Ftags&post=760"}],"curies":[{"name":"wp","href":"https:\/\/api.w.org\/{rel}","templated":true}]}}